{"id":4902,"date":"2023-08-28T08:18:17","date_gmt":"2023-08-28T07:18:17","guid":{"rendered":"https:\/\/regateslarochejaune.org\/?p=4902"},"modified":"2023-08-28T08:18:22","modified_gmt":"2023-08-28T07:18:22","slug":"plouguiel-des-centaines-de-personnes-a-la-grande-fete-des-regates-le-tregor-du-17-08-23","status":"publish","type":"post","link":"https:\/\/regateslarochejaune.org\/?p=4902","title":{"rendered":"Plouguiel : des centaines de personnes \u00e0 la grande f\u00eate des r\u00e9gates (Le Tr\u00e9gor du 17\/08\/23)"},"content":{"rendered":"\n<figure class=\"wp-block-image size-full\"><img loading=\"lazy\" decoding=\"async\" width=\"735\" height=\"526\" data-attachment-id=\"4903\" data-permalink=\"https:\/\/regateslarochejaune.org\/?attachment_id=4903\" data-orig-file=\"https:\/\/regateslarochejaune.org\/wp-content\/uploads\/2023\/08\/2023-08-17-Photo-article-Tregor.jpg\" data-orig-size=\"735,526\" data-comments-opened=\"1\" data-image-meta=\"{&quot;aperture&quot;:&quot;0&quot;,&quot;credit&quot;:&quot;Jacques DISSEZ&quot;,&quot;camera&quot;:&quot;&quot;,&quot;caption&quot;:&quot;&quot;,&quot;created_timestamp&quot;:&quot;1693214119&quot;,&quot;copyright&quot;:&quot;&quot;,&quot;focal_length&quot;:&quot;0&quot;,&quot;iso&quot;:&quot;0&quot;,&quot;shutter_speed&quot;:&quot;0&quot;,&quot;title&quot;:&quot;&quot;,&quot;orientation&quot;:&quot;0&quot;}\" data-image-title=\"2023-08-17-Photo-article-Tregor\" data-image-description=\"\" data-image-caption=\"\" data-large-file=\"https:\/\/regateslarochejaune.org\/wp-content\/uploads\/2023\/08\/2023-08-17-Photo-article-Tregor.jpg\" src=\"https:\/\/regateslarochejaune.org\/wp-content\/uploads\/2023\/08\/2023-08-17-Photo-article-Tregor.jpg\" alt=\"\" class=\"wp-image-4903\" srcset=\"https:\/\/regateslarochejaune.org\/wp-content\/uploads\/2023\/08\/2023-08-17-Photo-article-Tregor.jpg 735w, https:\/\/regateslarochejaune.org\/wp-content\/uploads\/2023\/08\/2023-08-17-Photo-article-Tregor-300x215.jpg 300w\" sizes=\"auto, (max-width: 735px) 100vw, 735px\" \/><\/figure>\n\n\n\n<p><strong>\u00c0 Plouguiel<\/strong>, le temps mi-figue mi-raisin du tout d\u00e9but d\u2019apr\u00e8s-midi du dimanche 13 ao\u00fbt n\u2019a pas d\u00e9courag\u00e9 des\u00a0<strong>centaines de vacanciers<\/strong>, pour certains venus de loin, et de<strong>\u00a0locaux<\/strong>\u00a0\u00e0 descendre jusqu\u2019au petit port de\u00a0<strong>La Roche Jaune<\/strong>\u00a0pour profiter de la\u00a0<strong>grande f\u00eate des r\u00e9gates<\/strong>, qui tous les ans ponctue la saison estivale de ce petit coin entre terre et mer.<\/p>\n\n\n\n<h2 class=\"wp-block-heading\">Le Grand L\u00e9jon en d\u00e9monstration<\/h2>\n\n\n\n<p>Un d\u00e9fil\u00e9 incessant sur la c\u00f4te pentue menant au port, qu\u2019il \u00e9tait plus ais\u00e9 de descendre que de remonter sous un soleil qui s\u2019est tr\u00e8s rapidement impos\u00e9 face aux nuages, avec&nbsp;<strong>une vue imprenable sur l\u2019estuaire<\/strong>, permettant d\u2019admirer les \u00e9volutions sur le Jaudy du&nbsp;<em><strong>Grand L\u00e9jon<\/strong><\/em>, r\u00e9plique de la&nbsp;<em>Jeanne d\u2019Arc<\/em>, lougre sablier du port du L\u00e9gu\u00e9 datant de 1896, venu sp\u00e9cialement \u00e0 La Roche Jaune, apr\u00e8s son passage au Festival du chant de marins de Paimpol.<\/p>\n\n\n\n<figure class=\"wp-block-image\"><img decoding=\"async\" src=\"https:\/\/static.actu.fr\/uploads\/2023\/08\/40e23b42f9d46d4e23b42f9d4e8e23v-960x640.jpg\" alt=\"on jouait des coudes sur le port\"\/><figcaption class=\"wp-element-caption\">On jouait des coudes sur le port ! \u00a9Marianne Le Soudeer \/ Le Tr\u00e9gor<\/figcaption><\/figure>\n\n\n\n<p>\u00c0 lire aussi<\/p>\n\n\n\n<ul class=\"wp-block-list\">\n<li><a href=\"https:\/\/actu.fr\/bretagne\/plouguiel_22221\/plouguiel-millier-personnes-regates-roche-jaune_11469072.html\">PHOTOS. Plouguiel : un millier de personnes pour les R\u00e9gates de La Roche Jaune<\/a><\/li>\n<\/ul>\n\n\n\n<h2 class=\"wp-block-heading\">Visites de bateaux et balades<\/h2>\n\n\n\n<p>Sur le port, une foule enjou\u00e9e, jouait des coudes entre le stand de cr\u00eapes, o\u00f9 les billigs ont chauff\u00e9 \u00e0 tout va, et la buvette, o\u00f9 la tireuse a d\u00fb donner une tendinite aux b\u00e9n\u00e9voles. D\u2019autres attendaient patiemment leur tour sur l\u2019embarcad\u00e8re pour les&nbsp;<strong>visites des bateaux de la SNSM<\/strong>, et les&nbsp;<strong>balades gratuites<\/strong>&nbsp;sur l\u2019estuaire qui ont fait le plein avec quelques 380 personnes, battant ainsi le record de l\u2019an dernier ; une affluence telle, que les organisateurs ont d\u2019ailleurs d\u00fb les interrompre, la fin d\u2019apr\u00e8s-midi avan\u00e7ant. La petite plage \u00e9tait bien occup\u00e9e aussi, avec les initiations \u00e0 la godille, et la&nbsp;<strong>d\u00e9couverte du cano\u00eb-kayak&nbsp;<\/strong>et de&nbsp;<strong>l\u2019aviron<\/strong>&nbsp;avec les clubs de la Roche-Jaudy et de L\u00e9zardrieux.<\/p>\n\n\n\n<figure class=\"wp-block-image\"><img decoding=\"async\" src=\"https:\/\/static.actu.fr\/uploads\/2023\/08\/b450c9b1f9d46d850c9b1f9d41d50cv-960x640.jpg\" alt=\"Grosse affluence sur les embarcations pour les balades dans l'estuaire du Jaudy\"\/><figcaption class=\"wp-element-caption\">Grosse affluence sur les embarcations pour les balades dans l\u2019estuaire du Jaudy. \u00a9Marianne Le Soudeer \/ Le Tr\u00e9gor<\/figcaption><\/figure>\n\n\n\n<h2 class=\"wp-block-heading\">Pr\u00e8s de 450 convives<\/h2>\n\n\n\n<p>Deux&nbsp;<strong>pauses musicales<\/strong>&nbsp;avec les chants de marins du groupe Les Oufs du Dyjau, ont permis \u00e0 beaucoup de recharger les batteries, avant de poursuivre les festivit\u00e9s en soir\u00e9e, autour de la grande po\u00eal\u00e9e, qui a rassembl\u00e9<strong>&nbsp;pr\u00e8s de 450 convives<\/strong>, et en s\u2019initiant \u00e0 la danse bretonne, avant de terminer en beaut\u00e9 la journ\u00e9e par un fest-noz anim\u00e9.<\/p>\n\n\n\n<p>Un tr\u00e8s beau succ\u00e8s qui r\u00e9compense le temps et l\u2019implication des 88 b\u00e9n\u00e9voles du comit\u00e9 des r\u00e9gates. Et comme chaque ann\u00e9e, tous de se dire &nbsp;\u00bb vivement l\u2019ann\u00e9e prochaine !&nbsp;\u00bb<\/p>\n\n\n\n<figure class=\"wp-block-image\"><img decoding=\"async\" src=\"https:\/\/static.actu.fr\/uploads\/2023\/08\/0fec29e2f9d4633fc29e2f9d417fc2v-960x640.jpg\" alt=\"la plage a aussi eu du succ\u00e8s avec les initiations \u00e0 la godille et quelques baigneurs courageux\"\/><figcaption class=\"wp-element-caption\">La plage a aussi eu du succ\u00e8s avec les initiations \u00e0 la godille et quelques baigneurs courageux. \u00a9Marianne Le Soudeer \/ Le Tr\u00e9gor<\/figcaption><\/figure>\n","protected":false},"excerpt":{"rendered":"<p>\u00c0 Plouguiel, le temps mi-figue mi-raisin du tout d\u00e9but d\u2019apr\u00e8s-midi du dimanche 13 ao\u00fbt n\u2019a pas d\u00e9courag\u00e9 des\u00a0centaines de vacanciers, pour certains venus de loin, et de\u00a0locaux\u00a0\u00e0 descendre jusqu\u2019au petit port de\u00a0La Roche Jaune\u00a0pour profiter de la\u00a0grande f\u00eate des r\u00e9gates, qui tous les ans ponctue la saison estivale de ce petit coin entre terre et &hellip; <a href=\"https:\/\/regateslarochejaune.org\/?p=4902\" class=\"more-link\">Continuer la lecture de <span class=\"screen-reader-text\">Plouguiel : des centaines de personnes \u00e0 la grande f\u00eate des r\u00e9gates (Le Tr\u00e9gor du 17\/08\/23)<\/span>  <span class=\"meta-nav\">&rarr;<\/span><\/a><\/p>\n","protected":false},"author":1,"featured_media":0,"comment_status":"open","ping_status":"open","sticky":false,"template":"","format":"standard","meta":{"ngg_post_thumbnail":0,"jetpack_post_was_ever_published":false,"_jetpack_newsletter_access":"","_jetpack_dont_email_post_to_subs":false,"_jetpack_newsletter_tier_id":0,"_jetpack_memberships_contains_paywalled_content":false,"_jetpack_memberships_contains_paid_content":false,"footnotes":"","jetpack_publicize_message":"","jetpack_publicize_feature_enabled":true,"jetpack_social_post_already_shared":true,"jetpack_social_options":{"image_generator_settings":{"template":"highway","default_image_id":0,"font":"","enabled":false},"version":2}},"categories":[1],"tags":[],"class_list":["post-4902","post","type-post","status-publish","format-standard","hentry","category-uncategorized"],"jetpack_publicize_connections":[],"jetpack_featured_media_url":"","jetpack_sharing_enabled":true,"jetpack_shortlink":"https:\/\/wp.me\/p7hZRC-1h4","jetpack-related-posts":[],"jetpack_likes_enabled":true,"_links":{"self":[{"href":"https:\/\/regateslarochejaune.org\/index.php?rest_route=\/wp\/v2\/posts\/4902","targetHints":{"allow":["GET"]}}],"collection":[{"href":"https:\/\/regateslarochejaune.org\/index.php?rest_route=\/wp\/v2\/posts"}],"about":[{"href":"https:\/\/regateslarochejaune.org\/index.php?rest_route=\/wp\/v2\/types\/post"}],"author":[{"embeddable":true,"href":"https:\/\/regateslarochejaune.org\/index.php?rest_route=\/wp\/v2\/users\/1"}],"replies":[{"embeddable":true,"href":"https:\/\/regateslarochejaune.org\/index.php?rest_route=%2Fwp%2Fv2%2Fcomments&post=4902"}],"version-history":[{"count":1,"href":"https:\/\/regateslarochejaune.org\/index.php?rest_route=\/wp\/v2\/posts\/4902\/revisions"}],"predecessor-version":[{"id":4904,"href":"https:\/\/regateslarochejaune.org\/index.php?rest_route=\/wp\/v2\/posts\/4902\/revisions\/4904"}],"wp:attachment":[{"href":"https:\/\/regateslarochejaune.org\/index.php?rest_route=%2Fwp%2Fv2%2Fmedia&parent=4902"}],"wp:term":[{"taxonomy":"category","embeddable":true,"href":"https:\/\/regateslarochejaune.org\/index.php?rest_route=%2Fwp%2Fv2%2Fcategories&post=4902"},{"taxonomy":"post_tag","embeddable":true,"href":"https:\/\/regateslarochejaune.org\/index.php?rest_route=%2Fwp%2Fv2%2Ftags&post=4902"}],"curies":[{"name":"wp","href":"https:\/\/api.w.org\/{rel}","templated":true}]}}