{"id":4839,"date":"2022-10-24T07:22:50","date_gmt":"2022-10-24T06:22:50","guid":{"rendered":"https:\/\/regateslarochejaune.org\/?p=4839"},"modified":"2022-10-24T07:29:13","modified_gmt":"2022-10-24T06:29:13","slug":"ag-du-15-10-22-cr-of-du-18-10-22","status":"publish","type":"post","link":"https:\/\/regateslarochejaune.org\/?p=4839","title":{"rendered":"Assembl\u00e9e G\u00e9n\u00e9rale du 15\/10\/22 (OF du 18\/10\/22)"},"content":{"rendered":"\n<figure class=\"wp-block-image size-full\"><img loading=\"lazy\" decoding=\"async\" width=\"940\" height=\"401\" data-attachment-id=\"4840\" data-permalink=\"https:\/\/regateslarochejaune.org\/?attachment_id=4840\" data-orig-file=\"https:\/\/regateslarochejaune.org\/wp-content\/uploads\/2022\/10\/2022-Photo-de-lAG-OF.webp\" data-orig-size=\"940,401\" data-comments-opened=\"1\" data-image-meta=\"{&quot;aperture&quot;:&quot;0&quot;,&quot;credit&quot;:&quot;&quot;,&quot;camera&quot;:&quot;&quot;,&quot;caption&quot;:&quot;&quot;,&quot;created_timestamp&quot;:&quot;0&quot;,&quot;copyright&quot;:&quot;&quot;,&quot;focal_length&quot;:&quot;0&quot;,&quot;iso&quot;:&quot;0&quot;,&quot;shutter_speed&quot;:&quot;0&quot;,&quot;title&quot;:&quot;&quot;,&quot;orientation&quot;:&quot;0&quot;}\" data-image-title=\"2022-Photo-de-lAG-OF\" data-image-description=\"\" data-image-caption=\"\" data-large-file=\"https:\/\/regateslarochejaune.org\/wp-content\/uploads\/2022\/10\/2022-Photo-de-lAG-OF.webp\" src=\"https:\/\/regateslarochejaune.org\/wp-content\/uploads\/2022\/10\/2022-Photo-de-lAG-OF.webp\" alt=\"\" class=\"wp-image-4840\" srcset=\"https:\/\/regateslarochejaune.org\/wp-content\/uploads\/2022\/10\/2022-Photo-de-lAG-OF.webp 940w, https:\/\/regateslarochejaune.org\/wp-content\/uploads\/2022\/10\/2022-Photo-de-lAG-OF-300x128.webp 300w, https:\/\/regateslarochejaune.org\/wp-content\/uploads\/2022\/10\/2022-Photo-de-lAG-OF-768x328.webp 768w\" sizes=\"auto, (max-width: 940px) 100vw, 940px\" \/><figcaption>Guy Le Costo\u00ebc, le m\u00e9tronome du comit\u00e9 des R\u00e9gates de la Roche-Jaune (2e en partant de la gauche), entour\u00e9 de Jacques Dissez, tr\u00e9sorier et Jean-Yves Le Guillou, secr\u00e9taire. |&nbsp;OUEST-FRANCE<\/figcaption><\/figure>\n\n\n\n<p>L\u2019assembl\u00e9e g\u00e9n\u00e9rale du comit\u00e9 des R\u00e9gates a eu lieu samedi, \u00e0 la Roche-Jaune, autour de son pr\u00e9sident, Guy Le Costo\u00ebc.<\/p>\n\n\n\n<p>Comme \u00e0 son habitude, la s\u00e9ance a \u00e9t\u00e9 riche en d\u00e9bats, visant \u00e0 am\u00e9liorer certains points sur le fonctionnement et l\u2019organisation de la F\u00eate nautique. <\/p>\n\n\n\n<p>L\u2019\u00e9dition 2022 a \u00e9t\u00e9 tr\u00e8s appr\u00e9ci\u00e9e du public, venu nombreux sur les rives du Jaudy (1&nbsp;000&nbsp;visiteurs).<\/p>\n\n\n\n<p>Le comit\u00e9 a r\u00e9affirm\u00e9 la gratuit\u00e9 des festivit\u00e9s, en t\u00e9moigne le succ\u00e8s grandissant des balades en mer avec pr\u00e8s de 300&nbsp;embarquements sur les bateaux des b\u00e9n\u00e9voles et la forte participation au fest-noz.<\/p>\n\n\n\n<p>Seul point n\u00e9gatif, il a \u00e9t\u00e9 relev\u00e9, depuis plusieurs ann\u00e9es, une diminution de la participation des voileux. L\u2019association a donc d\u00e9cid\u00e9 de revoir la partie nautique en privil\u00e9giant d\u2019autres activit\u00e9s et notamment le d\u00e9veloppement de la fameuse course \u00e0 la godille et son initiation.<\/p>\n\n\n\n<p>La prochaine \u00e9dition se d\u00e9roulera dimanche 13&nbsp;ao\u00fbt 2023, \u00e0 la Roche-Jaune.<\/p>\n\n\n\n<p>Le bureau a \u00e9t\u00e9 reconduit comme suit&nbsp;: Guy Le Costo\u00ebc, pr\u00e9sident&nbsp;; Jacques Dissez, tr\u00e9sorier&nbsp;; Yves Corbel, tr\u00e9sorier-adjoint&nbsp;; Jean-Yves Le Guillou, secr\u00e9taire et Isabelle Ollivier, secr\u00e9taire-adjointe.<\/p>\n\n\n\n<p><a href=\"https:\/\/www.ouest-france.fr\/bretagne\/plouguiel-22220\/le-comite-des-regates-fait-le-bilan-de-la-fete-nautique-4384557b-56d0-4c2e-834b-030cdba8c39c?utm_source=sendinblue_of_newsletter-eddvc&amp;mgo_eu=443448&amp;mgo_l=rSANOGgrQ6S9wwdTmIqCVA.2.0&amp;utm_content=20221018&amp;utm_campaign=of_EDDVC-22221&amp;utm_medium=email&amp;utm_term=840042&amp;vid=443448&amp;mediego_euid=443448\" target=\"_blank\" rel=\"noreferrer noopener\">https:\/\/www.ouest-france.fr\/bretagne\/plouguiel-22220\/le-comite-des-regates-fait-le-bilan-de-la-fete-nautique-4384557b-56d0-4c2e-834b-030cdba8c39c?utm_source=sendinblue_of_newsletter-eddvc&amp;mgo_eu=443448&amp;mgo_l=rSANOGgrQ6S9wwdTmIqCVA.2.0&amp;utm_content=20221018&amp;utm_campaign=of_EDDVC-22221&amp;utm_medium=email&amp;utm_term=840042&amp;vid=443448&amp;mediego_euid=443448<\/a><\/p>\n","protected":false},"excerpt":{"rendered":"<p>L\u2019assembl\u00e9e g\u00e9n\u00e9rale du comit\u00e9 des R\u00e9gates a eu lieu samedi, \u00e0 la Roche-Jaune, autour de son pr\u00e9sident, Guy Le Costo\u00ebc. Comme \u00e0 son habitude, la s\u00e9ance a \u00e9t\u00e9 riche en d\u00e9bats, visant \u00e0 am\u00e9liorer certains points sur le fonctionnement et l\u2019organisation de la F\u00eate nautique. L\u2019\u00e9dition 2022 a \u00e9t\u00e9 tr\u00e8s appr\u00e9ci\u00e9e du public, venu nombreux &hellip; <a href=\"https:\/\/regateslarochejaune.org\/?p=4839\" class=\"more-link\">Continuer la lecture de <span class=\"screen-reader-text\">Assembl\u00e9e G\u00e9n\u00e9rale du 15\/10\/22 (OF du 18\/10\/22)<\/span>  <span class=\"meta-nav\">&rarr;<\/span><\/a><\/p>\n","protected":false},"author":1,"featured_media":0,"comment_status":"closed","ping_status":"open","sticky":false,"template":"","format":"standard","meta":{"ngg_post_thumbnail":0,"jetpack_post_was_ever_published":false,"_jetpack_newsletter_access":"","_jetpack_dont_email_post_to_subs":false,"_jetpack_newsletter_tier_id":0,"_jetpack_memberships_contains_paywalled_content":false,"_jetpack_memberships_contains_paid_content":false,"footnotes":"","jetpack_publicize_message":"","jetpack_publicize_feature_enabled":true,"jetpack_social_post_already_shared":true,"jetpack_social_options":{"image_generator_settings":{"template":"highway","default_image_id":0,"font":"","enabled":false},"version":2}},"categories":[1],"tags":[],"class_list":["post-4839","post","type-post","status-publish","format-standard","hentry","category-uncategorized"],"jetpack_publicize_connections":[],"jetpack_featured_media_url":"","jetpack_sharing_enabled":true,"jetpack_shortlink":"https:\/\/wp.me\/p7hZRC-1g3","jetpack-related-posts":[],"jetpack_likes_enabled":true,"_links":{"self":[{"href":"https:\/\/regateslarochejaune.org\/index.php?rest_route=\/wp\/v2\/posts\/4839","targetHints":{"allow":["GET"]}}],"collection":[{"href":"https:\/\/regateslarochejaune.org\/index.php?rest_route=\/wp\/v2\/posts"}],"about":[{"href":"https:\/\/regateslarochejaune.org\/index.php?rest_route=\/wp\/v2\/types\/post"}],"author":[{"embeddable":true,"href":"https:\/\/regateslarochejaune.org\/index.php?rest_route=\/wp\/v2\/users\/1"}],"replies":[{"embeddable":true,"href":"https:\/\/regateslarochejaune.org\/index.php?rest_route=%2Fwp%2Fv2%2Fcomments&post=4839"}],"version-history":[{"count":5,"href":"https:\/\/regateslarochejaune.org\/index.php?rest_route=\/wp\/v2\/posts\/4839\/revisions"}],"predecessor-version":[{"id":4846,"href":"https:\/\/regateslarochejaune.org\/index.php?rest_route=\/wp\/v2\/posts\/4839\/revisions\/4846"}],"wp:attachment":[{"href":"https:\/\/regateslarochejaune.org\/index.php?rest_route=%2Fwp%2Fv2%2Fmedia&parent=4839"}],"wp:term":[{"taxonomy":"category","embeddable":true,"href":"https:\/\/regateslarochejaune.org\/index.php?rest_route=%2Fwp%2Fv2%2Fcategories&post=4839"},{"taxonomy":"post_tag","embeddable":true,"href":"https:\/\/regateslarochejaune.org\/index.php?rest_route=%2Fwp%2Fv2%2Ftags&post=4839"}],"curies":[{"name":"wp","href":"https:\/\/api.w.org\/{rel}","templated":true}]}}