{"id":4833,"date":"2022-10-24T07:10:59","date_gmt":"2022-10-24T06:10:59","guid":{"rendered":"https:\/\/regateslarochejaune.org\/?p=4833"},"modified":"2022-10-24T07:29:57","modified_gmt":"2022-10-24T06:29:57","slug":"assemblee-generale-du-15-10-22-le-telegramme-du-16-10-22","status":"publish","type":"post","link":"https:\/\/regateslarochejaune.org\/?p=4833","title":{"rendered":"Assembl\u00e9e G\u00e9n\u00e9rale du 15\/10\/22 (Le T\u00e9l\u00e9gramme du 16\/10\/22)"},"content":{"rendered":"\n<p><\/p>\n\n\n\n<figure class=\"wp-block-image size-full\"><img loading=\"lazy\" decoding=\"async\" width=\"676\" height=\"435\" data-attachment-id=\"4837\" data-permalink=\"https:\/\/regateslarochejaune.org\/?attachment_id=4837\" data-orig-file=\"https:\/\/regateslarochejaune.org\/wp-content\/uploads\/2022\/10\/2022-Photo-de-lAG.jpg\" data-orig-size=\"676,435\" data-comments-opened=\"1\" data-image-meta=\"{&quot;aperture&quot;:&quot;0&quot;,&quot;credit&quot;:&quot;LAURENCE FAIJAN&quot;,&quot;camera&quot;:&quot;&quot;,&quot;caption&quot;:&quot;Guy Le Costo\\u00ebc (2e \\u00e0 gauche) et son \\u00e9quipage des R\\u00e9gates de La Roche-Jaune sont fins pr\\u00eats pour une nouvelle \\u00e9dition le 13 ao\\u00fbt 2023.&quot;,&quot;created_timestamp&quot;:&quot;0&quot;,&quot;copyright&quot;:&quot;&quot;,&quot;focal_length&quot;:&quot;0&quot;,&quot;iso&quot;:&quot;0&quot;,&quot;shutter_speed&quot;:&quot;0&quot;,&quot;title&quot;:&quot;2048_2022101523463477.jpg&quot;,&quot;orientation&quot;:&quot;0&quot;}\" data-image-title=\"2048_2022101523463477.jpg\" data-image-description=\"\" data-image-caption=\"&lt;p&gt;Guy Le Costo\u00ebc (2e \u00e0 gauche) et son \u00e9quipage des R\u00e9gates de La Roche-Jaune sont fins pr\u00eats pour une nouvelle \u00e9dition le 13 ao\u00fbt 2023.&lt;\/p&gt;\n\" data-large-file=\"https:\/\/regateslarochejaune.org\/wp-content\/uploads\/2022\/10\/2022-Photo-de-lAG.jpg\" src=\"https:\/\/regateslarochejaune.org\/wp-content\/uploads\/2022\/10\/2022-Photo-de-lAG.jpg\" alt=\"\" class=\"wp-image-4837\" srcset=\"https:\/\/regateslarochejaune.org\/wp-content\/uploads\/2022\/10\/2022-Photo-de-lAG.jpg 676w, https:\/\/regateslarochejaune.org\/wp-content\/uploads\/2022\/10\/2022-Photo-de-lAG-300x193.jpg 300w\" sizes=\"auto, (max-width: 676px) 100vw, 676px\" \/><figcaption>Guy Le Costo\u00ebc (2e \u00e0 gauche) et son \u00e9quipage des R\u00e9gates de La Roche-Jaune sont fins pr\u00eats pour une nouvelle \u00e9dition le 13 ao\u00fbt 2023.<\/figcaption><\/figure>\n\n\n\n<p><\/p>\n\n\n\n<p>Pari une nouvelle fois r\u00e9ussi pour les moussaillons des r\u00e9gates de La Roche-Jaune. Leur f\u00eate nautique et musicale en ao\u00fbt a r\u00e9uni un millier de personnes sur le petit port. <\/p>\n\n\n\n<p>\u00ab&nbsp;Accueillir un public sur un site majestueux, le joyau du Jaudy, c\u2019est un pari que nous renouvelons avec succ\u00e8s depuis de tr\u00e8s nombreuses ann\u00e9es&nbsp;\u00bb, s\u2019est r\u00e9joui Guy Le Costo\u00ebc, le capitaine de l\u2019\u00e9quipage, lors de l\u2019assembl\u00e9e g\u00e9n\u00e9rale organis\u00e9e samedi.<\/p>\n\n\n\n<p>Les balades gratuites et comment\u00e9es ont enthousiasm\u00e9 le public ; 279 personnes ont profit\u00e9 des promenades \u00e0 bord des deux embarcations durant tout l\u2019apr\u00e8s-midi. <\/p>\n\n\n\n<p>Un b\u00e9mol tout de m\u00eame&nbsp;: \u00ab&nbsp;Les voileux, peu nombreux cette ann\u00e9e et de moins en moins pr\u00e9sents chaque ann\u00e9e, vont nous obliger \u00e0 revoir la partie nautique&nbsp;\u00bb, regrette le pr\u00e9sident.<\/p>\n\n\n\n<p>Mais les 86 b\u00e9n\u00e9voles mobilis\u00e9s chaque \u00e9t\u00e9 planchent d\u00e9j\u00e0 sur d\u2019autres id\u00e9es pour optimiser les activit\u00e9s programm\u00e9es et esp\u00e8rent bien \u00ab&nbsp;faire au moins aussi bien sinon mieux&nbsp;\u00bb. <\/p>\n\n\n\n<p>Tous donnent d\u00e9j\u00e0 rendez-vous au 13 ao\u00fbt 2023 pour une nouvelle \u00e9dition des f\u00eates nautiques.<\/p>\n\n\n\n<p><a href=\"https:\/\/www.letelegramme.fr\/cotes-darmor\/plouguiel\/les-regates-de-la-roche-jaune-un-succes-au-rendez-vous-chaque-ete-a-plouguiel-16-10-2022-13200721.php\" target=\"_blank\" rel=\"noreferrer noopener\">https:\/\/www.letelegramme.fr\/cotes-darmor\/plouguiel\/les-regates-de-la-roche-jaune-un-succes-au-rendez-vous-chaque-ete-a-plouguiel-16-10-2022-13200721.php<\/a><\/p>\n","protected":false},"excerpt":{"rendered":"<p>Pari une nouvelle fois r\u00e9ussi pour les moussaillons des r\u00e9gates de La Roche-Jaune. Leur f\u00eate nautique et musicale en ao\u00fbt a r\u00e9uni un millier de personnes sur le petit port. \u00ab&nbsp;Accueillir un public sur un site majestueux, le joyau du Jaudy, c\u2019est un pari que nous renouvelons avec succ\u00e8s depuis de tr\u00e8s nombreuses ann\u00e9es&nbsp;\u00bb, s\u2019est &hellip; <a href=\"https:\/\/regateslarochejaune.org\/?p=4833\" class=\"more-link\">Continuer la lecture de <span class=\"screen-reader-text\">Assembl\u00e9e G\u00e9n\u00e9rale du 15\/10\/22 (Le T\u00e9l\u00e9gramme du 16\/10\/22)<\/span>  <span class=\"meta-nav\">&rarr;<\/span><\/a><\/p>\n","protected":false},"author":1,"featured_media":0,"comment_status":"closed","ping_status":"open","sticky":false,"template":"","format":"standard","meta":{"ngg_post_thumbnail":0,"jetpack_post_was_ever_published":false,"_jetpack_newsletter_access":"","_jetpack_dont_email_post_to_subs":false,"_jetpack_newsletter_tier_id":0,"_jetpack_memberships_contains_paywalled_content":false,"_jetpack_memberships_contains_paid_content":false,"footnotes":"","jetpack_publicize_message":"","jetpack_publicize_feature_enabled":true,"jetpack_social_post_already_shared":true,"jetpack_social_options":{"image_generator_settings":{"template":"highway","default_image_id":0,"font":"","enabled":false},"version":2}},"categories":[1],"tags":[],"class_list":["post-4833","post","type-post","status-publish","format-standard","hentry","category-uncategorized"],"jetpack_publicize_connections":[],"jetpack_featured_media_url":"","jetpack_sharing_enabled":true,"jetpack_shortlink":"https:\/\/wp.me\/p7hZRC-1fX","jetpack-related-posts":[],"jetpack_likes_enabled":true,"_links":{"self":[{"href":"https:\/\/regateslarochejaune.org\/index.php?rest_route=\/wp\/v2\/posts\/4833","targetHints":{"allow":["GET"]}}],"collection":[{"href":"https:\/\/regateslarochejaune.org\/index.php?rest_route=\/wp\/v2\/posts"}],"about":[{"href":"https:\/\/regateslarochejaune.org\/index.php?rest_route=\/wp\/v2\/types\/post"}],"author":[{"embeddable":true,"href":"https:\/\/regateslarochejaune.org\/index.php?rest_route=\/wp\/v2\/users\/1"}],"replies":[{"embeddable":true,"href":"https:\/\/regateslarochejaune.org\/index.php?rest_route=%2Fwp%2Fv2%2Fcomments&post=4833"}],"version-history":[{"count":4,"href":"https:\/\/regateslarochejaune.org\/index.php?rest_route=\/wp\/v2\/posts\/4833\/revisions"}],"predecessor-version":[{"id":4844,"href":"https:\/\/regateslarochejaune.org\/index.php?rest_route=\/wp\/v2\/posts\/4833\/revisions\/4844"}],"wp:attachment":[{"href":"https:\/\/regateslarochejaune.org\/index.php?rest_route=%2Fwp%2Fv2%2Fmedia&parent=4833"}],"wp:term":[{"taxonomy":"category","embeddable":true,"href":"https:\/\/regateslarochejaune.org\/index.php?rest_route=%2Fwp%2Fv2%2Fcategories&post=4833"},{"taxonomy":"post_tag","embeddable":true,"href":"https:\/\/regateslarochejaune.org\/index.php?rest_route=%2Fwp%2Fv2%2Ftags&post=4833"}],"curies":[{"name":"wp","href":"https:\/\/api.w.org\/{rel}","templated":true}]}}